{"id":6505,"date":"2022-03-16T14:51:06","date_gmt":"2022-03-16T13:51:06","guid":{"rendered":"https:\/\/simem.com\/?p=6505"},"modified":"2022-07-05T14:19:47","modified_gmt":"2022-07-05T12:19:47","slug":"gran-fondo-berici-furlani-2022","status":"publish","type":"post","link":"https:\/\/simem.com\/it\/gran-fondo-berici-furlani-2022\/","title":{"rendered":"3 LUGLIO 2022: 2* GRAN FONDO DEI COLLI BERICI"},"content":{"rendered":"\t\t<div data-elementor-type=\"wp-post\" data-elementor-id=\"6505\" class=\"elementor elementor-6505\">\n\t\t\t\t\t\t<section class=\"elementor-section elementor-top-section elementor-element elementor-element-3ca62f0 elementor-section-boxed elementor-section-height-default elementor-section-height-default\" data-id=\"3ca62f0\" data-element_type=\"section\" data-e-type=\"section\">\n\t\t\t\t\t\t<div class=\"elementor-container elementor-column-gap-default\">\n\t\t\t\t\t<div class=\"elementor-column elementor-col-100 elementor-top-column elementor-element elementor-element-25223b2\" data-id=\"25223b2\" data-element_type=\"column\" data-e-type=\"column\">\n\t\t\t<div class=\"elementor-widget-wrap elementor-element-populated\">\n\t\t\t\t\t\t<div class=\"elementor-element elementor-element-8cbc1c6 elementor-widget elementor-widget-heading\" data-id=\"8cbc1c6\" data-element_type=\"widget\" data-e-type=\"widget\" data-widget_type=\"heading.default\">\n\t\t\t\t<div class=\"elementor-widget-container\">\n\t\t\t\t\t<h2 class=\"elementor-heading-title elementor-size-default\">TAPPA VALIDA PER IL CAMPIONATO ITALIANO<\/h2>\t\t\t\t<\/div>\n\t\t\t\t<\/div>\n\t\t\t\t<div class=\"elementor-element elementor-element-01a0e80 elementor-widget elementor-widget-image\" data-id=\"01a0e80\" data-element_type=\"widget\" data-e-type=\"widget\" data-widget_type=\"image.default\">\n\t\t\t\t<div class=\"elementor-widget-container\">\n\t\t\t\t\t\t\t\t\t\t\t\t\t\t\t<img fetchpriority=\"high\" decoding=\"async\" width=\"640\" height=\"898\" src=\"https:\/\/simem.com\/wp-content\/uploads\/2022\/03\/273636754_587162259386994_8727845450170938518_n-768x1078.jpg\" class=\"attachment-medium_large size-medium_large wp-image-6507\" alt=\"\" srcset=\"https:\/\/simem.com\/wp-content\/uploads\/2022\/03\/273636754_587162259386994_8727845450170938518_n-768x1078.jpg 768w, https:\/\/simem.com\/wp-content\/uploads\/2022\/03\/273636754_587162259386994_8727845450170938518_n-214x300.jpg 214w, https:\/\/simem.com\/wp-content\/uploads\/2022\/03\/273636754_587162259386994_8727845450170938518_n-730x1024.jpg 730w, https:\/\/simem.com\/wp-content\/uploads\/2022\/03\/273636754_587162259386994_8727845450170938518_n-1094x1536.jpg 1094w, https:\/\/simem.com\/wp-content\/uploads\/2022\/03\/273636754_587162259386994_8727845450170938518_n.jpg 1459w\" sizes=\"(max-width: 640px) 100vw, 640px\" \/>\t\t\t\t\t\t\t\t\t\t\t\t\t\t\t<\/div>\n\t\t\t\t<\/div>\n\t\t\t\t<div class=\"elementor-element elementor-element-7383ed6 elementor-widget elementor-widget-text-editor\" data-id=\"7383ed6\" data-element_type=\"widget\" data-e-type=\"widget\" data-widget_type=\"text-editor.default\">\n\t\t\t\t<div class=\"elementor-widget-container\">\n\t\t\t\t\t\t\t\t\t<p><strong>PARTECIPAZIONE<\/strong><br \/>\u2022 Tutti tesserati FCI appartenenti alle categorie Junior Sport, Junior W Sport, E. Sport, E. Women Sport, M1, M2, M3, M4, M5, M6, M7, M8, MW1, MW2, MW3, tandem, E-Bike ed Hand Bike, quest\u2019ultime tre con partenza separata.<br \/>\u2022 Tutti i tesserati FCI Cicloturisti;<br \/>\u2022 Tutti i tesserati E.P.S. con tessera dell\u2019ente o con Bike Card, insieme alla tessera dell\u2019ente;<br \/>\u2022 Atleti stranieri con tessera UCI con presentazione dell\u2019autocertificazione etica e di un certificato medico in inglese che attesti l\u2019idoneit\u00e0 ad una manifestazione ciclistica agonistica (o non agonistica per i cicloturisti);<br \/>\u2022 Non tesserati italiani e stranieri, con la tessera giornaliera, con presentazione, in italiano o in inglese, della autocertificazione etica e del certificato medico agonistico o non agonistico in inglese per gli stranieri;<\/p><p><strong>ISCRIZIONI<\/strong><\/p><p>Le iscrizioni apriranno ufficialmente Domenica 15 Maggio 2022. ID Gara FCI 162376<\/p><p>\u2022 ISCRIZIONI ONLINE sul sito <a href=\"https:\/\/www.criteriumveneto.it\/le-tappe\/6a-tappa\/\">www.criteriumveneto.it<\/a><br \/>(pagamento senza commissioni mediante carta di debito\/credito, bonifico bancario differito)<br \/>15,00 \u20ac fino alle 24:00 del sabato antecedente la prova<br \/>20,00 \u20ac la domenica in campo gara.<br \/>\u2022 ISCRIZIONI OFF-LINE<br \/>15,00 \u20ac fino al sabato antecedente la prova<br \/>via e-mail all\u2019indirizzo iscrizioni@criteriumveneto.it allegando modulo di iscrizione, copia della tessera o del certificato medico e ricevuta dell\u2019avvenuto pagamento via bonifico.<br \/>Per le societ\u00e0 che intendessero iscriversi in unica soluzione, sar\u00e0 disponibile per il download un apposito file excel pre &#8211; formattato che dovr\u00e0 essere compilato con tutti i dati dei partecipanti e inviato via mail, unitamente alla dichiarazione di responsabilit\u00e0 del Presidente e alla ricevuta di pagamento.<br \/>20,00 \u20ac la domenica in campo gara.<\/p><p><strong>QUOTE DI ISCRIZIONE<\/strong><\/p><p>Le quote non sono rimborsabili. Non saranno accettate iscrizioni prive di pagamento. <br \/>Ai fini della definizione della quota far\u00e0 fede la data di effettivo pagamento, non quella di iscrizione.<\/p><p><strong>RITROVO<\/strong><br \/>RITROVO PER ISCRIZIONI, RITIRO PACCHI GARA E CONSEGNA CHIP PRESSO IL \u201cPALAMINERBE\u201d DI VIA VERDI<\/p><p>2 luglio dalle ore 14:00 alle 18:00; <br \/>3 luglio dalle ore 07:00 alle ore 08:<\/p><p><strong>PARTENZA<\/strong><br \/>PARTENZA ALLA FRANCESE PRESSO PIAZZA IV NOVEMBRE<\/p><p>\u2022 La classifica sar\u00e0 rilevata con sistema elettronico a transponder attivo (Chip).<br \/>\u2022 E\u2019 obbligatorio l\u2019uso del casco rigido protettivo e l\u2019assoluto rispetto del Codice della strada (strade saranno aperte alla libera circolazione del traffico).<br \/>\u2022 Per quanto non contemplato dal presente Regolamento, i partecipanti dovranno attenersi alle disposizioni degli Organizzatori nel rispetto del Regolamento FCI &#8211; SAN.<br \/>\u2022 Sar\u00e0 garantita l\u2019assistenza sanitaria a tutti i partecipanti, il carro scopa e l\u2019assistenza meccanica.<br \/>\u2022 Saranno premiate le prime 20 Societ\u00e0 F.C.I. e le prime 3 Societ\u00e0 degli E.P.S.<br \/>\u2022 La Manifestazione sar\u00e0 effettuata nel rispetto della vigente normativa, con l\u2019applicazione delle linee guida Federali e del DPC relative all\u2019emergenza sanitaria Covid 19.<\/p><p><strong>PERCORSO MEDIOFONDO 102 Km &#8211; dislivello 1001 m<\/strong><br \/>Minerbe Piazza IV Novembre, San Zenone, Gazzolo, Pressana, Cologna Veneta, Spessa, Teonghio, Salitella della Musseta, Alonte, Salita della Busona, Localit\u00e0 Botteghino, Localit\u00e0 Valle San Giovanni, Vallone del \u201cBuso della Giaretta\u201d, San Germano dei Berici, Campolongo, Sossano, Localit\u00e0 Ponte Alto, (Rifornimento idrico), Salita di Toara per Pozzolo, Salita della Localit\u00e0 \u201cCostabella \/ Valleverde\u201d, Bivio su S.P. 19 \u201cDorsale dei Berici\u201d, Bivio per Zovencedo, Zovencedo, Ristoro presso la Pizzeria \u201cCa\u2019 Martina\u201d, Discesa su S.P.n.108, Pederiva, Salita della \u201cBocca d\u2019Ascesa\u201d, Localit\u00e0 San Gaudenzio, Localit\u00e0 Ca\u2019 Vecchie, Meledo, Localit\u00e0 Sant\u2019Antonio, Localit\u00e0 Marona, Lonigo Quartiere Bonioli, Madonna di Lonigo, Localit\u00e0 Villaraspa, Volpino, Santo Stefano di Zimella, Bonaldo, Localit\u00e0 Str\u00e0, Localit\u00e0 Santa Apollonia, Localit\u00e0 Giavone, Caselle, Minerbe IV Novembre.<\/p>\t\t\t\t\t\t\t\t<\/div>\n\t\t\t\t<\/div>\n\t\t\t\t\t<\/div>\n\t\t<\/div>\n\t\t\t\t\t<\/div>\n\t\t<\/section>\n\t\t\t\t<section class=\"elementor-section elementor-top-section elementor-element elementor-element-6dd04b1 elementor-section-boxed elementor-section-height-default elementor-section-height-default\" data-id=\"6dd04b1\" data-element_type=\"section\" data-e-type=\"section\">\n\t\t\t\t\t\t<div class=\"elementor-container elementor-column-gap-default\">\n\t\t\t\t\t<div class=\"elementor-column elementor-col-50 elementor-top-column elementor-element elementor-element-06d6b07\" data-id=\"06d6b07\" data-element_type=\"column\" data-e-type=\"column\">\n\t\t\t<div class=\"elementor-widget-wrap elementor-element-populated\">\n\t\t\t\t\t\t<div class=\"elementor-element elementor-element-44825be elementor-widget elementor-widget-image\" data-id=\"44825be\" data-element_type=\"widget\" data-e-type=\"widget\" data-widget_type=\"image.default\">\n\t\t\t\t<div class=\"elementor-widget-container\">\n\t\t\t\t\t\t\t\t\t\t\t\t\t\t\t<img decoding=\"async\" width=\"640\" height=\"857\" src=\"https:\/\/simem.com\/wp-content\/uploads\/2022\/05\/279250344_10223073619122486_2202932526426871378_n-765x1024.jpg\" class=\"attachment-large size-large wp-image-6886\" alt=\"\" srcset=\"https:\/\/simem.com\/wp-content\/uploads\/2022\/05\/279250344_10223073619122486_2202932526426871378_n-765x1024.jpg 765w, https:\/\/simem.com\/wp-content\/uploads\/2022\/05\/279250344_10223073619122486_2202932526426871378_n-224x300.jpg 224w, https:\/\/simem.com\/wp-content\/uploads\/2022\/05\/279250344_10223073619122486_2202932526426871378_n-768x1028.jpg 768w, https:\/\/simem.com\/wp-content\/uploads\/2022\/05\/279250344_10223073619122486_2202932526426871378_n.jpg 838w\" sizes=\"(max-width: 640px) 100vw, 640px\" \/>\t\t\t\t\t\t\t\t\t\t\t\t\t\t\t<\/div>\n\t\t\t\t<\/div>\n\t\t\t\t\t<\/div>\n\t\t<\/div>\n\t\t\t\t<div class=\"elementor-column elementor-col-50 elementor-top-column elementor-element elementor-element-0b94407\" data-id=\"0b94407\" data-element_type=\"column\" data-e-type=\"column\">\n\t\t\t<div class=\"elementor-widget-wrap elementor-element-populated\">\n\t\t\t\t\t\t<div class=\"elementor-element elementor-element-13884d6 elementor-widget elementor-widget-image\" data-id=\"13884d6\" data-element_type=\"widget\" data-e-type=\"widget\" data-widget_type=\"image.default\">\n\t\t\t\t<div class=\"elementor-widget-container\">\n\t\t\t\t\t\t\t\t\t\t\t\t\t\t\t<img decoding=\"async\" width=\"640\" height=\"452\" src=\"https:\/\/simem.com\/wp-content\/uploads\/2022\/05\/279282037_10223073618762477_4463246372801289850_n-1024x723.jpg\" class=\"attachment-large size-large wp-image-6878\" alt=\"\" srcset=\"https:\/\/simem.com\/wp-content\/uploads\/2022\/05\/279282037_10223073618762477_4463246372801289850_n-1024x723.jpg 1024w, https:\/\/simem.com\/wp-content\/uploads\/2022\/05\/279282037_10223073618762477_4463246372801289850_n-300x212.jpg 300w, https:\/\/simem.com\/wp-content\/uploads\/2022\/05\/279282037_10223073618762477_4463246372801289850_n-768x542.jpg 768w, https:\/\/simem.com\/wp-content\/uploads\/2022\/05\/279282037_10223073618762477_4463246372801289850_n.jpg 1123w\" sizes=\"(max-width: 640px) 100vw, 640px\" \/>\t\t\t\t\t\t\t\t\t\t\t\t\t\t\t<\/div>\n\t\t\t\t<\/div>\n\t\t\t\t\t<\/div>\n\t\t<\/div>\n\t\t\t\t\t<\/div>\n\t\t<\/section>\n\t\t\t\t<section class=\"elementor-section elementor-top-section elementor-element elementor-element-793c443 elementor-section-boxed elementor-section-height-default elementor-section-height-default\" data-id=\"793c443\" data-element_type=\"section\" data-e-type=\"section\">\n\t\t\t\t\t\t<div class=\"elementor-container elementor-column-gap-default\">\n\t\t\t\t\t<div class=\"elementor-column elementor-col-100 elementor-top-column elementor-element elementor-element-5091f48\" data-id=\"5091f48\" data-element_type=\"column\" data-e-type=\"column\">\n\t\t\t<div class=\"elementor-widget-wrap elementor-element-populated\">\n\t\t\t\t\t\t<div class=\"elementor-element elementor-element-aec2c76 elementor-widget elementor-widget-text-editor\" data-id=\"aec2c76\" data-element_type=\"widget\" data-e-type=\"widget\" data-widget_type=\"text-editor.default\">\n\t\t\t\t<div class=\"elementor-widget-container\">\n\t\t\t\t\t\t\t\t\t<p><strong>PERCORSO RADUNO NAZIONALE CICLOTURISTICO<\/strong> <strong>Km 65,5 &#8211; dislivello 305m<\/strong><br \/>Minerbe Piazza IV Novembre, San Zenone, Gazzolo, Pressana, Cologna Veneta, Spessa, Teonghio, Salitella della Musseta, Alonte, Salitella del Cimitero, Bivio Corlanzone, Lonigo Via Scamozzi, Salitella del Convento di San Daniele, Salita della Localit\u00e0 \u201cAcque\u201d, Salita della Localit\u00e0 \u201cRocca Pisana\u201d, Lonigo Via Trento, Ristoro presso la \u201cCantina Veneta Collis Wine Group\u201d, Sarego, Localit\u00e0 Marona, Lonigo Quartiere Bonioli, Madonna di Lonigo, Localit\u00e0 Villaraspa, Volpino, Santo Stefano di Zimella, Bonaldo, Localit\u00e0 Str\u00e0, Localit\u00e0 Santa Apollonia, Localit\u00e0 Giavone, Caselle, Minerbe IV Novembre.<\/p>\t\t\t\t\t\t\t\t<\/div>\n\t\t\t\t<\/div>\n\t\t\t\t\t<\/div>\n\t\t<\/div>\n\t\t\t\t\t<\/div>\n\t\t<\/section>\n\t\t\t\t<section class=\"elementor-section elementor-top-section elementor-element elementor-element-fd9b1b3 elementor-section-boxed elementor-section-height-default elementor-section-height-default\" data-id=\"fd9b1b3\" data-element_type=\"section\" data-e-type=\"section\">\n\t\t\t\t\t\t<div class=\"elementor-container elementor-column-gap-default\">\n\t\t\t\t\t<div class=\"elementor-column elementor-col-50 elementor-top-column elementor-element elementor-element-72ef544\" data-id=\"72ef544\" data-element_type=\"column\" data-e-type=\"column\">\n\t\t\t<div class=\"elementor-widget-wrap elementor-element-populated\">\n\t\t\t\t\t\t<div class=\"elementor-element elementor-element-92dd6f5 elementor-widget elementor-widget-image\" data-id=\"92dd6f5\" data-element_type=\"widget\" data-e-type=\"widget\" data-widget_type=\"image.default\">\n\t\t\t\t<div class=\"elementor-widget-container\">\n\t\t\t\t\t\t\t\t\t\t\t\t\t\t\t<img loading=\"lazy\" decoding=\"async\" width=\"640\" height=\"452\" src=\"https:\/\/simem.com\/wp-content\/uploads\/2022\/05\/279328181_10223073618962482_2605357289747852225_n-1024x723.jpg\" class=\"attachment-large size-large wp-image-6882\" alt=\"\" srcset=\"https:\/\/simem.com\/wp-content\/uploads\/2022\/05\/279328181_10223073618962482_2605357289747852225_n-1024x723.jpg 1024w, https:\/\/simem.com\/wp-content\/uploads\/2022\/05\/279328181_10223073618962482_2605357289747852225_n-300x212.jpg 300w, https:\/\/simem.com\/wp-content\/uploads\/2022\/05\/279328181_10223073618962482_2605357289747852225_n-768x542.jpg 768w, https:\/\/simem.com\/wp-content\/uploads\/2022\/05\/279328181_10223073618962482_2605357289747852225_n.jpg 1123w\" sizes=\"(max-width: 640px) 100vw, 640px\" \/>\t\t\t\t\t\t\t\t\t\t\t\t\t\t\t<\/div>\n\t\t\t\t<\/div>\n\t\t\t\t\t<\/div>\n\t\t<\/div>\n\t\t\t\t<div class=\"elementor-column elementor-col-50 elementor-top-column elementor-element elementor-element-d118a22\" data-id=\"d118a22\" data-element_type=\"column\" data-e-type=\"column\">\n\t\t\t<div class=\"elementor-widget-wrap elementor-element-populated\">\n\t\t\t\t\t\t<div class=\"elementor-element elementor-element-abd2290 elementor-widget elementor-widget-image\" data-id=\"abd2290\" data-element_type=\"widget\" data-e-type=\"widget\" data-widget_type=\"image.default\">\n\t\t\t\t<div class=\"elementor-widget-container\">\n\t\t\t\t\t\t\t\t\t\t\t\t\t\t\t<img loading=\"lazy\" decoding=\"async\" width=\"640\" height=\"452\" src=\"https:\/\/simem.com\/wp-content\/uploads\/2022\/03\/279167916_10223073619482495_4986081393858993682_n-1024x723.jpg\" class=\"attachment-large size-large wp-image-6890\" alt=\"\" srcset=\"https:\/\/simem.com\/wp-content\/uploads\/2022\/03\/279167916_10223073619482495_4986081393858993682_n-1024x723.jpg 1024w, https:\/\/simem.com\/wp-content\/uploads\/2022\/03\/279167916_10223073619482495_4986081393858993682_n-300x212.jpg 300w, https:\/\/simem.com\/wp-content\/uploads\/2022\/03\/279167916_10223073619482495_4986081393858993682_n-768x542.jpg 768w, https:\/\/simem.com\/wp-content\/uploads\/2022\/03\/279167916_10223073619482495_4986081393858993682_n.jpg 1123w\" sizes=\"(max-width: 640px) 100vw, 640px\" \/>\t\t\t\t\t\t\t\t\t\t\t\t\t\t\t<\/div>\n\t\t\t\t<\/div>\n\t\t\t\t\t<\/div>\n\t\t<\/div>\n\t\t\t\t\t<\/div>\n\t\t<\/section>\n\t\t\t\t<section class=\"elementor-section elementor-top-section elementor-element elementor-element-9563a05 elementor-section-boxed elementor-section-height-default elementor-section-height-default\" data-id=\"9563a05\" data-element_type=\"section\" data-e-type=\"section\">\n\t\t\t\t\t\t<div class=\"elementor-container elementor-column-gap-default\">\n\t\t\t\t\t<div class=\"elementor-column elementor-col-100 elementor-top-column elementor-element elementor-element-d2d7b10\" data-id=\"d2d7b10\" data-element_type=\"column\" data-e-type=\"column\">\n\t\t\t<div class=\"elementor-widget-wrap elementor-element-populated\">\n\t\t\t\t\t\t<div class=\"elementor-element elementor-element-1981848 elementor-widget elementor-widget-text-editor\" data-id=\"1981848\" data-element_type=\"widget\" data-e-type=\"widget\" data-widget_type=\"text-editor.default\">\n\t\t\t\t<div class=\"elementor-widget-container\">\n\t\t\t\t\t\t\t\t\t<p><strong>REGOLAMENTO<\/strong><br \/>Obbligatorio l&#8217;uso del casco rigido protettivo ed il rispetto del Codice della Strada. Per quanto non contemplato nel presente Regolamento, i partecipanti dovranno attenersi alle disposizioni degli Organizzatori e rispettare il Regolamento FCI.<br \/>Non saranno gestite le tessere giornaliere.<\/p><p><strong>ASSISTENZA<\/strong><br \/>Saranno garantiti l&#8217;assistenza a tutti i partecipanti, il carro scopa, l&#8217;assistenza medica e meccanicaP<br \/>Manifestazione aperta a tutte le categorie amatoriali e turistiche regolarmente tesserate FC ed agli enti appartenenti alla consulta nazionale ciclismo in possesso di Bike Card<\/p><p><strong>RINGRAZIAMENTI<\/strong><br \/>Il GS FCM FURLANI, divisione di SIMEM SPA, ringrazia tutti coloro che hanno contribuito per la realizzazione di questa manifestazione ciclistica.<br \/><span style=\"text-decoration: underline;\">Pacco gara<\/span><br \/>GADGET INDIVIDUALE COMMEMORATIVO DEL 45\u00b0 ANNIVERSARIO FCM E PRODOTTI DELLE DITTE, \u201cRISERIA GRAZIA\u201d, \u201cPASTIFICIO AVESANI\u201d, \u201cISTA\u2019\u201d FERRARI &amp; FRANCESCHETTI, \u201cCONSORZIO AGRARIO DEL NORD EST\u201d, \u201cPRIMO MATTINO\u201d BARATELLA ORTOFRUTTA.<\/p><p><strong>CONTATTI UTILI<\/strong><\/p><p>\u2022 Organizzazione: A.S.D. G.S. FCM Furlani div. di SIMEM S.p.A. codice Societ\u00e0 03W0335.<br \/>\u2022 Presso Valerio Sperandio Via Alessandro Manzoni, n.8 Minerbe (VR).<br \/>\u2022 Telefoni: Valerio +39 3482420428; Arnaldo +39 3395735112<br \/><br \/><\/p><p>\u00a0<\/p>\t\t\t\t\t\t\t\t<\/div>\n\t\t\t\t<\/div>\n\t\t\t\t<div class=\"elementor-element elementor-element-e5d690f elementor-arrows-position-inside elementor-pagination-position-outside elementor-widget elementor-widget-image-carousel\" data-id=\"e5d690f\" data-element_type=\"widget\" data-e-type=\"widget\" data-settings=\"{&quot;navigation&quot;:&quot;both&quot;,&quot;autoplay&quot;:&quot;yes&quot;,&quot;pause_on_hover&quot;:&quot;yes&quot;,&quot;pause_on_interaction&quot;:&quot;yes&quot;,&quot;autoplay_speed&quot;:5000,&quot;infinite&quot;:&quot;yes&quot;,&quot;speed&quot;:500}\" data-widget_type=\"image-carousel.default\">\n\t\t\t\t<div class=\"elementor-widget-container\">\n\t\t\t\t\t\t\t<div class=\"elementor-image-carousel-wrapper swiper\" role=\"region\" aria-roledescription=\"carousel\" aria-label=\"Carosello d&#039;immagini\" dir=\"ltr\">\n\t\t\t<div class=\"elementor-image-carousel swiper-wrapper\" aria-live=\"off\">\n\t\t\t\t\t\t\t\t<div class=\"swiper-slide\" role=\"group\" aria-roledescription=\"slide\" aria-label=\"1 di 5\"><a data-elementor-open-lightbox=\"yes\" data-elementor-lightbox-slideshow=\"e5d690f\" data-e-action-hash=\"#elementor-action%3Aaction%3Dlightbox%26settings%3DeyJpZCI6NzE2OSwidXJsIjoiaHR0cHM6XC9cL3NpbWVtLmNvbVwvd3AtY29udGVudFwvdXBsb2Fkc1wvMjAyMlwvMDdcL1BIT1RPLTIwMjItMDctMDQtMTItNTMtNDkuanBnIiwic2xpZGVzaG93IjoiZTVkNjkwZiJ9\" href=\"https:\/\/simem.com\/wp-content\/uploads\/2022\/07\/PHOTO-2022-07-04-12-53-49.jpg\"><figure class=\"swiper-slide-inner\"><img decoding=\"async\" class=\"swiper-slide-image\" src=\"https:\/\/simem.com\/wp-content\/uploads\/2022\/07\/PHOTO-2022-07-04-12-53-49-150x150.jpg\" alt=\"3 memoriale piero furlani\" \/><\/figure><\/a><\/div><div class=\"swiper-slide\" role=\"group\" aria-roledescription=\"slide\" aria-label=\"2 di 5\"><a data-elementor-open-lightbox=\"yes\" data-elementor-lightbox-slideshow=\"e5d690f\" data-e-action-hash=\"#elementor-action%3Aaction%3Dlightbox%26settings%3DeyJpZCI6NzE2NSwidXJsIjoiaHR0cHM6XC9cL3NpbWVtLmNvbVwvd3AtY29udGVudFwvdXBsb2Fkc1wvMjAyMlwvMDdcLzI5MjM1MDc0Ml82ODgwNzExNTU5NjI3NzBfNjAxNDg3OTkxOTExMDU5Mzc0M19uLmpwZyIsInNsaWRlc2hvdyI6ImU1ZDY5MGYifQ%3D%3D\" href=\"https:\/\/simem.com\/wp-content\/uploads\/2022\/07\/292350742_688071155962770_6014879919110593743_n.jpg\"><figure class=\"swiper-slide-inner\"><img decoding=\"async\" class=\"swiper-slide-image\" src=\"https:\/\/simem.com\/wp-content\/uploads\/2022\/07\/292350742_688071155962770_6014879919110593743_n-150x150.jpg\" alt=\"3 memoriale piero furlani\" \/><\/figure><\/a><\/div><div class=\"swiper-slide\" role=\"group\" aria-roledescription=\"slide\" aria-label=\"3 di 5\"><a data-elementor-open-lightbox=\"yes\" data-elementor-lightbox-slideshow=\"e5d690f\" data-e-action-hash=\"#elementor-action%3Aaction%3Dlightbox%26settings%3DeyJpZCI6NzE2MSwidXJsIjoiaHR0cHM6XC9cL3NpbWVtLmNvbVwvd3AtY29udGVudFwvdXBsb2Fkc1wvMjAyMlwvMDdcLzI5MjIwNjg2NV82ODgwNzEwNTI2Mjk0NDdfNDEyOTU1NDM2MzU5NzYyMTU3MF9uLmpwZyIsInNsaWRlc2hvdyI6ImU1ZDY5MGYifQ%3D%3D\" href=\"https:\/\/simem.com\/wp-content\/uploads\/2022\/07\/292206865_688071052629447_4129554363597621570_n.jpg\"><figure class=\"swiper-slide-inner\"><img decoding=\"async\" class=\"swiper-slide-image\" src=\"https:\/\/simem.com\/wp-content\/uploads\/2022\/07\/292206865_688071052629447_4129554363597621570_n-150x150.jpg\" alt=\"3 memoriale piero furlani\" \/><\/figure><\/a><\/div><div class=\"swiper-slide\" role=\"group\" aria-roledescription=\"slide\" aria-label=\"4 di 5\"><a data-elementor-open-lightbox=\"yes\" data-elementor-lightbox-slideshow=\"e5d690f\" data-e-action-hash=\"#elementor-action%3Aaction%3Dlightbox%26settings%3DeyJpZCI6NzE1NywidXJsIjoiaHR0cHM6XC9cL3NpbWVtLmNvbVwvd3AtY29udGVudFwvdXBsb2Fkc1wvMjAyMlwvMDdcLzI5MTkyNDU5OV82ODgwNzExMDI2Mjk0NDJfNTQ2NzA1NzM2MjAyNjM5ODIzMl9uLmpwZyIsInNsaWRlc2hvdyI6ImU1ZDY5MGYifQ%3D%3D\" href=\"https:\/\/simem.com\/wp-content\/uploads\/2022\/07\/291924599_688071102629442_5467057362026398232_n.jpg\"><figure class=\"swiper-slide-inner\"><img decoding=\"async\" class=\"swiper-slide-image\" src=\"https:\/\/simem.com\/wp-content\/uploads\/2022\/07\/291924599_688071102629442_5467057362026398232_n-150x150.jpg\" alt=\"3 memoriale piero furlani\" \/><\/figure><\/a><\/div><div class=\"swiper-slide\" role=\"group\" aria-roledescription=\"slide\" aria-label=\"5 di 5\"><a data-elementor-open-lightbox=\"yes\" data-elementor-lightbox-slideshow=\"e5d690f\" data-e-action-hash=\"#elementor-action%3Aaction%3Dlightbox%26settings%3DeyJpZCI6NzE0MSwidXJsIjoiaHR0cHM6XC9cL3NpbWVtLmNvbVwvd3AtY29udGVudFwvdXBsb2Fkc1wvMjAyMlwvMDdcL0lNR18xMjcwX2xvdy5qcGciLCJzbGlkZXNob3ciOiJlNWQ2OTBmIn0%3D\" href=\"https:\/\/simem.com\/wp-content\/uploads\/2022\/07\/IMG_1270_low.jpg\"><figure class=\"swiper-slide-inner\"><img decoding=\"async\" class=\"swiper-slide-image\" src=\"https:\/\/simem.com\/wp-content\/uploads\/2022\/07\/IMG_1270_low-150x150.jpg\" alt=\"FCM Fulani\" \/><\/figure><\/a><\/div>\t\t\t<\/div>\n\t\t\t\t\t\t\t\t\t\t\t\t<div class=\"elementor-swiper-button elementor-swiper-button-prev\" role=\"button\" tabindex=\"0\">\n\t\t\t\t\t\t<i aria-hidden=\"true\" class=\"eicon-chevron-left\"><\/i>\t\t\t\t\t<\/div>\n\t\t\t\t\t<div class=\"elementor-swiper-button elementor-swiper-button-next\" role=\"button\" tabindex=\"0\">\n\t\t\t\t\t\t<i aria-hidden=\"true\" class=\"eicon-chevron-right\"><\/i>\t\t\t\t\t<\/div>\n\t\t\t\t\n\t\t\t\t\t\t\t\t\t<div class=\"swiper-pagination\"><\/div>\n\t\t\t\t\t\t\t\t\t<\/div>\n\t\t\t\t\t\t<\/div>\n\t\t\t\t<\/div>\n\t\t\t\t\t<\/div>\n\t\t<\/div>\n\t\t\t\t\t<\/div>\n\t\t<\/section>\n\t\t\t\t<\/div>\n\t\t","protected":false},"excerpt":{"rendered":"<p>Tutte le informazioni relative relative all&#8217;evento del prossimo 3 Luglio.<\/p>\n","protected":false},"author":1,"featured_media":6804,"comment_status":"closed","ping_status":"open","sticky":false,"template":"","format":"standard","meta":{"_acf_changed":false,"footnotes":""},"categories":[50],"tags":[],"class_list":["post-6505","post","type-post","status-publish","format-standard","has-post-thumbnail","hentry","category-non-categorizzato"],"acf":[],"yoast_head":"<!-- This site is optimized with the Yoast SEO plugin v27.1 - https:\/\/yoast.com\/product\/yoast-seo-wordpress\/ -->\n<title>3 LUGLIO 2022: 2* GRAN FONDO DEI COLLI BERICI - Simem<\/title>\n<meta name=\"robots\" content=\"index, follow, max-snippet:-1, max-image-preview:large, max-video-preview:-1\" \/>\n<link rel=\"canonical\" href=\"https:\/\/simem.com\/it\/gran-fondo-berici-furlani-2022\/\" \/>\n<meta property=\"og:locale\" content=\"it_IT\" \/>\n<meta property=\"og:type\" content=\"article\" \/>\n<meta property=\"og:title\" content=\"3 LUGLIO 2022: 2* GRAN FONDO DEI COLLI BERICI - Simem\" \/>\n<meta property=\"og:description\" content=\"Tutte le informazioni relative relative all&#039;evento del prossimo 3 Luglio.\" \/>\n<meta property=\"og:url\" content=\"https:\/\/simem.com\/it\/gran-fondo-berici-furlani-2022\/\" \/>\n<meta property=\"og:site_name\" content=\"Simem\" \/>\n<meta property=\"article:publisher\" content=\"https:\/\/www.facebook.com\/simemgroup\" \/>\n<meta property=\"article:published_time\" content=\"2022-03-16T13:51:06+00:00\" \/>\n<meta property=\"article:modified_time\" content=\"2022-07-05T12:19:47+00:00\" \/>\n<meta property=\"og:image\" content=\"https:\/\/simem.com\/wp-content\/uploads\/2022\/03\/cover-simem-3-7.jpg\" \/>\n\t<meta property=\"og:image:width\" content=\"734\" \/>\n\t<meta property=\"og:image:height\" content=\"486\" \/>\n\t<meta property=\"og:image:type\" content=\"image\/jpeg\" \/>\n<meta name=\"author\" content=\"Simem Spa\" \/>\n<meta name=\"twitter:card\" content=\"summary_large_image\" \/>\n<meta name=\"twitter:label1\" content=\"Scritto da\" \/>\n\t<meta name=\"twitter:data1\" content=\"Simem Spa\" \/>\n\t<meta name=\"twitter:label2\" content=\"Tempo di lettura stimato\" \/>\n\t<meta name=\"twitter:data2\" content=\"4 minuti\" \/>\n<script type=\"application\/ld+json\" class=\"yoast-schema-graph\">{\"@context\":\"https:\/\/schema.org\",\"@graph\":[{\"@type\":\"Article\",\"@id\":\"https:\/\/simem.com\/it\/gran-fondo-berici-furlani-2022\/#article\",\"isPartOf\":{\"@id\":\"https:\/\/simem.com\/it\/gran-fondo-berici-furlani-2022\/\"},\"author\":{\"name\":\"Simem Spa\",\"@id\":\"https:\/\/simem.com\/it\/#\/schema\/person\/5d582491d0b14326f381cea31381ec36\"},\"headline\":\"3 LUGLIO 2022: 2* GRAN FONDO DEI COLLI BERICI\",\"datePublished\":\"2022-03-16T13:51:06+00:00\",\"dateModified\":\"2022-07-05T12:19:47+00:00\",\"mainEntityOfPage\":{\"@id\":\"https:\/\/simem.com\/it\/gran-fondo-berici-furlani-2022\/\"},\"wordCount\":817,\"publisher\":{\"@id\":\"https:\/\/simem.com\/it\/#organization\"},\"image\":{\"@id\":\"https:\/\/simem.com\/it\/gran-fondo-berici-furlani-2022\/#primaryimage\"},\"thumbnailUrl\":\"https:\/\/simem.com\/wp-content\/uploads\/2022\/03\/cover-simem-3-7.jpg\",\"articleSection\":[\"Non categorizzato\"],\"inLanguage\":\"it-IT\"},{\"@type\":\"WebPage\",\"@id\":\"https:\/\/simem.com\/it\/gran-fondo-berici-furlani-2022\/\",\"url\":\"https:\/\/simem.com\/it\/gran-fondo-berici-furlani-2022\/\",\"name\":\"3 LUGLIO 2022: 2* GRAN FONDO DEI COLLI BERICI - Simem\",\"isPartOf\":{\"@id\":\"https:\/\/simem.com\/it\/#website\"},\"primaryImageOfPage\":{\"@id\":\"https:\/\/simem.com\/it\/gran-fondo-berici-furlani-2022\/#primaryimage\"},\"image\":{\"@id\":\"https:\/\/simem.com\/it\/gran-fondo-berici-furlani-2022\/#primaryimage\"},\"thumbnailUrl\":\"https:\/\/simem.com\/wp-content\/uploads\/2022\/03\/cover-simem-3-7.jpg\",\"datePublished\":\"2022-03-16T13:51:06+00:00\",\"dateModified\":\"2022-07-05T12:19:47+00:00\",\"breadcrumb\":{\"@id\":\"https:\/\/simem.com\/it\/gran-fondo-berici-furlani-2022\/#breadcrumb\"},\"inLanguage\":\"it-IT\",\"potentialAction\":[{\"@type\":\"ReadAction\",\"target\":[\"https:\/\/simem.com\/it\/gran-fondo-berici-furlani-2022\/\"]}]},{\"@type\":\"ImageObject\",\"inLanguage\":\"it-IT\",\"@id\":\"https:\/\/simem.com\/it\/gran-fondo-berici-furlani-2022\/#primaryimage\",\"url\":\"https:\/\/simem.com\/wp-content\/uploads\/2022\/03\/cover-simem-3-7.jpg\",\"contentUrl\":\"https:\/\/simem.com\/wp-content\/uploads\/2022\/03\/cover-simem-3-7.jpg\",\"width\":734,\"height\":486,\"caption\":\"raduno nazionale cicloturistico fcm furlani\"},{\"@type\":\"BreadcrumbList\",\"@id\":\"https:\/\/simem.com\/it\/gran-fondo-berici-furlani-2022\/#breadcrumb\",\"itemListElement\":[{\"@type\":\"ListItem\",\"position\":1,\"name\":\"Home\",\"item\":\"https:\/\/simem.com\/it\/\"},{\"@type\":\"ListItem\",\"position\":2,\"name\":\"3 LUGLIO 2022: 2* GRAN FONDO DEI COLLI BERICI\"}]},{\"@type\":\"WebSite\",\"@id\":\"https:\/\/simem.com\/it\/#website\",\"url\":\"https:\/\/simem.com\/it\/\",\"name\":\"Simem\",\"description\":\"Concrete future solutions\",\"publisher\":{\"@id\":\"https:\/\/simem.com\/it\/#organization\"},\"potentialAction\":[{\"@type\":\"SearchAction\",\"target\":{\"@type\":\"EntryPoint\",\"urlTemplate\":\"https:\/\/simem.com\/it\/?s={search_term_string}\"},\"query-input\":{\"@type\":\"PropertyValueSpecification\",\"valueRequired\":true,\"valueName\":\"search_term_string\"}}],\"inLanguage\":\"it-IT\"},{\"@type\":\"Organization\",\"@id\":\"https:\/\/simem.com\/it\/#organization\",\"name\":\"Simem\",\"url\":\"https:\/\/simem.com\/it\/\",\"logo\":{\"@type\":\"ImageObject\",\"inLanguage\":\"it-IT\",\"@id\":\"https:\/\/simem.com\/it\/#\/schema\/logo\/image\/\",\"url\":\"https:\/\/simem.com\/wp-content\/uploads\/2021\/06\/logo_aquila.png\",\"contentUrl\":\"https:\/\/simem.com\/wp-content\/uploads\/2021\/06\/logo_aquila.png\",\"width\":193,\"height\":172,\"caption\":\"Simem\"},\"image\":{\"@id\":\"https:\/\/simem.com\/it\/#\/schema\/logo\/image\/\"},\"sameAs\":[\"https:\/\/www.facebook.com\/simemgroup\",\"https:\/\/www.linkedin.com\/company\/simem-s-p-a-\/\",\"https:\/\/www.youtube.com\/user\/SimemSpa\"]},{\"@type\":\"Person\",\"@id\":\"https:\/\/simem.com\/it\/#\/schema\/person\/5d582491d0b14326f381cea31381ec36\",\"name\":\"Simem Spa\",\"image\":{\"@type\":\"ImageObject\",\"inLanguage\":\"it-IT\",\"@id\":\"https:\/\/simem.com\/it\/#\/schema\/person\/image\/\",\"url\":\"https:\/\/secure.gravatar.com\/avatar\/2e88cc33f13078441edf2480984256969099b149be562c917ba87e4bbded9938?s=96&d=mm&r=g\",\"contentUrl\":\"https:\/\/secure.gravatar.com\/avatar\/2e88cc33f13078441edf2480984256969099b149be562c917ba87e4bbded9938?s=96&d=mm&r=g\",\"caption\":\"Simem Spa\"},\"url\":\"https:\/\/simem.com\/it\/author\/admsimem\/\"}]}<\/script>\n<!-- \/ Yoast SEO plugin. -->","yoast_head_json":{"title":"3 LUGLIO 2022: 2* GRAN FONDO DEI COLLI BERICI - Simem","robots":{"index":"index","follow":"follow","max-snippet":"max-snippet:-1","max-image-preview":"max-image-preview:large","max-video-preview":"max-video-preview:-1"},"canonical":"https:\/\/simem.com\/it\/gran-fondo-berici-furlani-2022\/","og_locale":"it_IT","og_type":"article","og_title":"3 LUGLIO 2022: 2* GRAN FONDO DEI COLLI BERICI - Simem","og_description":"Tutte le informazioni relative relative all'evento del prossimo 3 Luglio.","og_url":"https:\/\/simem.com\/it\/gran-fondo-berici-furlani-2022\/","og_site_name":"Simem","article_publisher":"https:\/\/www.facebook.com\/simemgroup","article_published_time":"2022-03-16T13:51:06+00:00","article_modified_time":"2022-07-05T12:19:47+00:00","og_image":[{"width":734,"height":486,"url":"https:\/\/simem.com\/wp-content\/uploads\/2022\/03\/cover-simem-3-7.jpg","type":"image\/jpeg"}],"author":"Simem Spa","twitter_card":"summary_large_image","twitter_misc":{"Scritto da":"Simem Spa","Tempo di lettura stimato":"4 minuti"},"schema":{"@context":"https:\/\/schema.org","@graph":[{"@type":"Article","@id":"https:\/\/simem.com\/it\/gran-fondo-berici-furlani-2022\/#article","isPartOf":{"@id":"https:\/\/simem.com\/it\/gran-fondo-berici-furlani-2022\/"},"author":{"name":"Simem Spa","@id":"https:\/\/simem.com\/it\/#\/schema\/person\/5d582491d0b14326f381cea31381ec36"},"headline":"3 LUGLIO 2022: 2* GRAN FONDO DEI COLLI BERICI","datePublished":"2022-03-16T13:51:06+00:00","dateModified":"2022-07-05T12:19:47+00:00","mainEntityOfPage":{"@id":"https:\/\/simem.com\/it\/gran-fondo-berici-furlani-2022\/"},"wordCount":817,"publisher":{"@id":"https:\/\/simem.com\/it\/#organization"},"image":{"@id":"https:\/\/simem.com\/it\/gran-fondo-berici-furlani-2022\/#primaryimage"},"thumbnailUrl":"https:\/\/simem.com\/wp-content\/uploads\/2022\/03\/cover-simem-3-7.jpg","articleSection":["Non categorizzato"],"inLanguage":"it-IT"},{"@type":"WebPage","@id":"https:\/\/simem.com\/it\/gran-fondo-berici-furlani-2022\/","url":"https:\/\/simem.com\/it\/gran-fondo-berici-furlani-2022\/","name":"3 LUGLIO 2022: 2* GRAN FONDO DEI COLLI BERICI - Simem","isPartOf":{"@id":"https:\/\/simem.com\/it\/#website"},"primaryImageOfPage":{"@id":"https:\/\/simem.com\/it\/gran-fondo-berici-furlani-2022\/#primaryimage"},"image":{"@id":"https:\/\/simem.com\/it\/gran-fondo-berici-furlani-2022\/#primaryimage"},"thumbnailUrl":"https:\/\/simem.com\/wp-content\/uploads\/2022\/03\/cover-simem-3-7.jpg","datePublished":"2022-03-16T13:51:06+00:00","dateModified":"2022-07-05T12:19:47+00:00","breadcrumb":{"@id":"https:\/\/simem.com\/it\/gran-fondo-berici-furlani-2022\/#breadcrumb"},"inLanguage":"it-IT","potentialAction":[{"@type":"ReadAction","target":["https:\/\/simem.com\/it\/gran-fondo-berici-furlani-2022\/"]}]},{"@type":"ImageObject","inLanguage":"it-IT","@id":"https:\/\/simem.com\/it\/gran-fondo-berici-furlani-2022\/#primaryimage","url":"https:\/\/simem.com\/wp-content\/uploads\/2022\/03\/cover-simem-3-7.jpg","contentUrl":"https:\/\/simem.com\/wp-content\/uploads\/2022\/03\/cover-simem-3-7.jpg","width":734,"height":486,"caption":"raduno nazionale cicloturistico fcm furlani"},{"@type":"BreadcrumbList","@id":"https:\/\/simem.com\/it\/gran-fondo-berici-furlani-2022\/#breadcrumb","itemListElement":[{"@type":"ListItem","position":1,"name":"Home","item":"https:\/\/simem.com\/it\/"},{"@type":"ListItem","position":2,"name":"3 LUGLIO 2022: 2* GRAN FONDO DEI COLLI BERICI"}]},{"@type":"WebSite","@id":"https:\/\/simem.com\/it\/#website","url":"https:\/\/simem.com\/it\/","name":"Simem","description":"Concrete future solutions","publisher":{"@id":"https:\/\/simem.com\/it\/#organization"},"potentialAction":[{"@type":"SearchAction","target":{"@type":"EntryPoint","urlTemplate":"https:\/\/simem.com\/it\/?s={search_term_string}"},"query-input":{"@type":"PropertyValueSpecification","valueRequired":true,"valueName":"search_term_string"}}],"inLanguage":"it-IT"},{"@type":"Organization","@id":"https:\/\/simem.com\/it\/#organization","name":"Simem","url":"https:\/\/simem.com\/it\/","logo":{"@type":"ImageObject","inLanguage":"it-IT","@id":"https:\/\/simem.com\/it\/#\/schema\/logo\/image\/","url":"https:\/\/simem.com\/wp-content\/uploads\/2021\/06\/logo_aquila.png","contentUrl":"https:\/\/simem.com\/wp-content\/uploads\/2021\/06\/logo_aquila.png","width":193,"height":172,"caption":"Simem"},"image":{"@id":"https:\/\/simem.com\/it\/#\/schema\/logo\/image\/"},"sameAs":["https:\/\/www.facebook.com\/simemgroup","https:\/\/www.linkedin.com\/company\/simem-s-p-a-\/","https:\/\/www.youtube.com\/user\/SimemSpa"]},{"@type":"Person","@id":"https:\/\/simem.com\/it\/#\/schema\/person\/5d582491d0b14326f381cea31381ec36","name":"Simem Spa","image":{"@type":"ImageObject","inLanguage":"it-IT","@id":"https:\/\/simem.com\/it\/#\/schema\/person\/image\/","url":"https:\/\/secure.gravatar.com\/avatar\/2e88cc33f13078441edf2480984256969099b149be562c917ba87e4bbded9938?s=96&d=mm&r=g","contentUrl":"https:\/\/secure.gravatar.com\/avatar\/2e88cc33f13078441edf2480984256969099b149be562c917ba87e4bbded9938?s=96&d=mm&r=g","caption":"Simem Spa"},"url":"https:\/\/simem.com\/it\/author\/admsimem\/"}]}},"_links":{"self":[{"href":"https:\/\/simem.com\/it\/wp-json\/wp\/v2\/posts\/6505","targetHints":{"allow":["GET"]}}],"collection":[{"href":"https:\/\/simem.com\/it\/wp-json\/wp\/v2\/posts"}],"about":[{"href":"https:\/\/simem.com\/it\/wp-json\/wp\/v2\/types\/post"}],"author":[{"embeddable":true,"href":"https:\/\/simem.com\/it\/wp-json\/wp\/v2\/users\/1"}],"replies":[{"embeddable":true,"href":"https:\/\/simem.com\/it\/wp-json\/wp\/v2\/comments?post=6505"}],"version-history":[{"count":47,"href":"https:\/\/simem.com\/it\/wp-json\/wp\/v2\/posts\/6505\/revisions"}],"predecessor-version":[{"id":7177,"href":"https:\/\/simem.com\/it\/wp-json\/wp\/v2\/posts\/6505\/revisions\/7177"}],"wp:featuredmedia":[{"embeddable":true,"href":"https:\/\/simem.com\/it\/wp-json\/wp\/v2\/media\/6804"}],"wp:attachment":[{"href":"https:\/\/simem.com\/it\/wp-json\/wp\/v2\/media?parent=6505"}],"wp:term":[{"taxonomy":"category","embeddable":true,"href":"https:\/\/simem.com\/it\/wp-json\/wp\/v2\/categories?post=6505"},{"taxonomy":"post_tag","embeddable":true,"href":"https:\/\/simem.com\/it\/wp-json\/wp\/v2\/tags?post=6505"}],"curies":[{"name":"wp","href":"https:\/\/api.w.org\/{rel}","templated":true}]}}